{"id":3177,"date":"2022-03-17T13:31:11","date_gmt":"2022-03-17T12:31:11","guid":{"rendered":"https:\/\/esztergom-anno.hu.webhost.v-comp.ch\/?p=3177"},"modified":"2022-03-17T14:19:49","modified_gmt":"2022-03-17T13:19:49","slug":"megujult-az-esztergom-anno","status":"publish","type":"post","link":"https:\/\/esztergom-anno.hu.webhost.v-comp.ch\/?p=3177","title":{"rendered":"Meg\u00fajult az Esztergom-Anno"},"content":{"rendered":"\n<p>Lehet picit lassabban, de k\u00f6vetj\u00fck a technol\u00f3giai fejl\u0151d\u00e9st. <\/p>\n\n\n\n<p>Az Esztergom-Anno oldal \u00faj strukt\u00far\u00e1val, meg\u00fajult tartalomkezel\u0151 motorral \u00e9s responz\u00edv designnal k\u00edn\u00e1lja inform\u00e1ci\u00f3it, szolg\u00e1ltat\u00e1sait.<\/p>\n\n\n\n<p> Rem\u00e9lj\u00fck rendszeresen l\u00e1tjuk majd oldalunkon!<\/p>\n","protected":false},"excerpt":{"rendered":"<p>Lehet picit lassabban, de k\u00f6vetj\u00fck a technol\u00f3giai fejl\u0151d\u00e9st. Az Esztergom-Anno oldal \u00faj strukt\u00far\u00e1val, meg\u00fajult tartalomkezel\u0151 motorral \u00e9s responz\u00edv designnal k\u00edn\u00e1lja inform\u00e1ci\u00f3it, szolg\u00e1ltat\u00e1sait. Rem\u00e9lj\u00fck rendszeresen l\u00e1tjuk majd oldalunkon!<\/p>\n","protected":false},"author":1,"featured_media":0,"comment_status":"open","ping_status":"open","sticky":false,"template":"","format":"standard","meta":{"footnotes":""},"categories":[1],"tags":[],"class_list":["post-3177","post","type-post","status-publish","format-standard","hentry","category-uncategorized"],"_links":{"self":[{"href":"https:\/\/esztergom-anno.hu.webhost.v-comp.ch\/index.php?rest_route=\/wp\/v2\/posts\/3177","targetHints":{"allow":["GET"]}}],"collection":[{"href":"https:\/\/esztergom-anno.hu.webhost.v-comp.ch\/index.php?rest_route=\/wp\/v2\/posts"}],"about":[{"href":"https:\/\/esztergom-anno.hu.webhost.v-comp.ch\/index.php?rest_route=\/wp\/v2\/types\/post"}],"author":[{"embeddable":true,"href":"https:\/\/esztergom-anno.hu.webhost.v-comp.ch\/index.php?rest_route=\/wp\/v2\/users\/1"}],"replies":[{"embeddable":true,"href":"https:\/\/esztergom-anno.hu.webhost.v-comp.ch\/index.php?rest_route=%2Fwp%2Fv2%2Fcomments&post=3177"}],"version-history":[{"count":2,"href":"https:\/\/esztergom-anno.hu.webhost.v-comp.ch\/index.php?rest_route=\/wp\/v2\/posts\/3177\/revisions"}],"predecessor-version":[{"id":3184,"href":"https:\/\/esztergom-anno.hu.webhost.v-comp.ch\/index.php?rest_route=\/wp\/v2\/posts\/3177\/revisions\/3184"}],"wp:attachment":[{"href":"https:\/\/esztergom-anno.hu.webhost.v-comp.ch\/index.php?rest_route=%2Fwp%2Fv2%2Fmedia&parent=3177"}],"wp:term":[{"taxonomy":"category","embeddable":true,"href":"https:\/\/esztergom-anno.hu.webhost.v-comp.ch\/index.php?rest_route=%2Fwp%2Fv2%2Fcategories&post=3177"},{"taxonomy":"post_tag","embeddable":true,"href":"https:\/\/esztergom-anno.hu.webhost.v-comp.ch\/index.php?rest_route=%2Fwp%2Fv2%2Ftags&post=3177"}],"curies":[{"name":"wp","href":"https:\/\/api.w.org\/{rel}","templated":true}]}}